{"id":1069,"date":"2017-08-28T18:36:19","date_gmt":"2017-08-28T18:36:19","guid":{"rendered":"http:\/\/shintokarateryu.fr\/?p=1069"},"modified":"2022-07-11T11:51:57","modified_gmt":"2022-07-11T11:51:57","slug":"7eme-rassemblement-national-wado-ryu","status":"publish","type":"post","link":"https:\/\/shintokarateryu.fr\/?p=1069","title":{"rendered":"7\u00e9me Rassemblement National Wado-Ryu"},"content":{"rendered":"<p>Bonjour \u00e0 tous.<\/p>\n<p>Le dimanche 24 septembre 2017 aura lieu le rassemblement national de Wade Ryu.<\/p>\n<p><a href=\"http:\/\/shintokarateryu.fr\/wp-content\/uploads\/2017\/08\/Article-Rassemblement-WadoRyu-3-1.jpg\"><img decoding=\"async\" loading=\"lazy\" class=\"aligncenter size-medium wp-image-1070\" alt=\"Article-Rassemblement-WadoRyu-3 (1)\" src=\"http:\/\/shintokarateryu.fr\/wp-content\/uploads\/2017\/08\/Article-Rassemblement-WadoRyu-3-1-212x300.jpg\" width=\"212\" height=\"300\" srcset=\"https:\/\/shintokarateryu.fr\/wp-content\/uploads\/2017\/08\/Article-Rassemblement-WadoRyu-3-1-212x300.jpg 212w, https:\/\/shintokarateryu.fr\/wp-content\/uploads\/2017\/08\/Article-Rassemblement-WadoRyu-3-1-724x1024.jpg 724w\" sizes=\"(max-width: 212px) 100vw, 212px\" \/><\/a><\/p>\n<p><!--more-->Cet \u00e9v\u00e9nement se d\u00e9roulera \u00e0 la Halle Carpentier, 81 bd Mass\u00e9na \u2013 75013 PARIS.<\/p>\n<p>&nbsp;<\/p>\n<p>\u2013 09h30 \u2013 10h00 : Accueil<br \/>\n\u2013 10h00 \u2013 12h00 : Stage<br \/>\n\u2013 12h00 \u2013 14h00 : Repas<br \/>\n\u2013 14h00 \u2013 16h30 : Stages<\/p>\n<p><a title=\"Fiche d'incription rassemblement 2017\" href=\"http:\/\/www.ffkarate.fr\/wp-content\/uploads\/2017\/08\/BULLETIN_INSCRIPTION_rassemblementwadoryu2018.pdf\" target=\"_blank\" rel=\"noopener\">Vous trouverez ici le formulaire d\u2019inscription.<\/a><\/p>\n<p><a href=\"http:\/\/www.ffkarate.fr\/actualites\/7e-rassemblement-national-wado\/\" target=\"_blank\" rel=\"noopener\">Pour plus d\u2019information, rendez-vous ici.<\/a><\/p>\n<p>Bonne journ\u00e9e \u00e0 tous !<\/p>\n","protected":false},"excerpt":{"rendered":"<p>Bonjour \u00e0 tous. Le dimanche 24 septembre 2017 aura lieu le rassemblement national de Wade Ryu.<\/p>\n","protected":false},"author":3,"featured_media":0,"comment_status":"closed","ping_status":"closed","sticky":false,"template":"","format":"standard","meta":{"site-sidebar-layout":"default","site-content-layout":"default","ast-global-header-display":"","ast-banner-title-visibility":"","ast-main-header-display":"","ast-hfb-above-header-display":"","ast-hfb-below-header-display":"","ast-hfb-mobile-header-display":"","site-post-title":"","ast-breadcrumbs-content":"","ast-featured-img":"","footer-sml-layout":"","theme-transparent-header-meta":"","adv-header-id-meta":"","stick-header-meta":"","header-above-stick-meta":"","header-main-stick-meta":"","header-below-stick-meta":"","ngg_post_thumbnail":0},"categories":[3,7],"tags":[],"_links":{"self":[{"href":"https:\/\/shintokarateryu.fr\/index.php?rest_route=\/wp\/v2\/posts\/1069"}],"collection":[{"href":"https:\/\/shintokarateryu.fr\/index.php?rest_route=\/wp\/v2\/posts"}],"about":[{"href":"https:\/\/shintokarateryu.fr\/index.php?rest_route=\/wp\/v2\/types\/post"}],"author":[{"embeddable":true,"href":"https:\/\/shintokarateryu.fr\/index.php?rest_route=\/wp\/v2\/users\/3"}],"replies":[{"embeddable":true,"href":"https:\/\/shintokarateryu.fr\/index.php?rest_route=%2Fwp%2Fv2%2Fcomments&post=1069"}],"version-history":[{"count":4,"href":"https:\/\/shintokarateryu.fr\/index.php?rest_route=\/wp\/v2\/posts\/1069\/revisions"}],"predecessor-version":[{"id":2470,"href":"https:\/\/shintokarateryu.fr\/index.php?rest_route=\/wp\/v2\/posts\/1069\/revisions\/2470"}],"wp:attachment":[{"href":"https:\/\/shintokarateryu.fr\/index.php?rest_route=%2Fwp%2Fv2%2Fmedia&parent=1069"}],"wp:term":[{"taxonomy":"category","embeddable":true,"href":"https:\/\/shintokarateryu.fr\/index.php?rest_route=%2Fwp%2Fv2%2Fcategories&post=1069"},{"taxonomy":"post_tag","embeddable":true,"href":"https:\/\/shintokarateryu.fr\/index.php?rest_route=%2Fwp%2Fv2%2Ftags&post=1069"}],"curies":[{"name":"wp","href":"https:\/\/api.w.org\/{rel}","templated":true}]}}