{"id":1039,"date":"2017-02-12T17:04:08","date_gmt":"2017-02-12T17:04:08","guid":{"rendered":"http:\/\/shintokarateryu.fr\/?p=1039"},"modified":"2022-07-11T11:48:17","modified_gmt":"2022-07-11T11:48:17","slug":"stage-wikf-belgique","status":"publish","type":"post","link":"https:\/\/shintokarateryu.fr\/?p=1039","title":{"rendered":"Stage WIKF Belgique"},"content":{"rendered":"<p>Bonjour \u00e0 toutes et \u00e0 tous,<\/p>\n<p>Voici un rappel sur le stage WIKF sous la direction de Jon WICKS &#8211; 8\u00e8me Dan organis\u00e9 par le Club de Beloeil le 11 et 12 Mars 2017.<\/p>\n<p>Pensez \u00e0 l&rsquo;h\u00e9bergement et le repas du soir !<\/p>\n<p><a href=\"http:\/\/shintokarateryu.fr\/wp-content\/uploads\/2017\/02\/FB_IMG_1486918819148.jpg\"><img decoding=\"async\" loading=\"lazy\" class=\"aligncenter size-thumbnail wp-image-1040\" alt=\"FB_IMG_1486918819148\" src=\"http:\/\/shintokarateryu.fr\/wp-content\/uploads\/2017\/02\/FB_IMG_1486918819148-150x150.jpg\" width=\"150\" height=\"150\" \/><\/a><\/p>\n","protected":false},"excerpt":{"rendered":"<p>Bonjour \u00e0 toutes et \u00e0 tous, Voici un rappel sur le stage WIKF sous la direction de Jon WICKS &#8211; 8\u00e8me Dan organis\u00e9 par le Club de Beloeil le 11 et 12 Mars 2017. Pensez \u00e0 l&rsquo;h\u00e9bergement et le repas du soir !<\/p>\n","protected":false},"author":1,"featured_media":0,"comment_status":"closed","ping_status":"closed","sticky":false,"template":"","format":"standard","meta":{"site-sidebar-layout":"default","site-content-layout":"default","ast-global-header-display":"","ast-banner-title-visibility":"","ast-main-header-display":"","ast-hfb-above-header-display":"","ast-hfb-below-header-display":"","ast-hfb-mobile-header-display":"","site-post-title":"","ast-breadcrumbs-content":"","ast-featured-img":"","footer-sml-layout":"","theme-transparent-header-meta":"","adv-header-id-meta":"","stick-header-meta":"","header-above-stick-meta":"","header-main-stick-meta":"","header-below-stick-meta":"","ngg_post_thumbnail":0},"categories":[7],"tags":[],"_links":{"self":[{"href":"https:\/\/shintokarateryu.fr\/index.php?rest_route=\/wp\/v2\/posts\/1039"}],"collection":[{"href":"https:\/\/shintokarateryu.fr\/index.php?rest_route=\/wp\/v2\/posts"}],"about":[{"href":"https:\/\/shintokarateryu.fr\/index.php?rest_route=\/wp\/v2\/types\/post"}],"author":[{"embeddable":true,"href":"https:\/\/shintokarateryu.fr\/index.php?rest_route=\/wp\/v2\/users\/1"}],"replies":[{"embeddable":true,"href":"https:\/\/shintokarateryu.fr\/index.php?rest_route=%2Fwp%2Fv2%2Fcomments&post=1039"}],"version-history":[{"count":1,"href":"https:\/\/shintokarateryu.fr\/index.php?rest_route=\/wp\/v2\/posts\/1039\/revisions"}],"predecessor-version":[{"id":1041,"href":"https:\/\/shintokarateryu.fr\/index.php?rest_route=\/wp\/v2\/posts\/1039\/revisions\/1041"}],"wp:attachment":[{"href":"https:\/\/shintokarateryu.fr\/index.php?rest_route=%2Fwp%2Fv2%2Fmedia&parent=1039"}],"wp:term":[{"taxonomy":"category","embeddable":true,"href":"https:\/\/shintokarateryu.fr\/index.php?rest_route=%2Fwp%2Fv2%2Fcategories&post=1039"},{"taxonomy":"post_tag","embeddable":true,"href":"https:\/\/shintokarateryu.fr\/index.php?rest_route=%2Fwp%2Fv2%2Ftags&post=1039"}],"curies":[{"name":"wp","href":"https:\/\/api.w.org\/{rel}","templated":true}]}}