{"id":992,"date":"2016-09-13T07:25:47","date_gmt":"2016-09-13T07:25:47","guid":{"rendered":"http:\/\/shintokarateryu.fr\/?p=992"},"modified":"2022-07-11T11:53:16","modified_gmt":"2022-07-11T11:53:16","slug":"rassemblement-national-wado-ryu","status":"publish","type":"post","link":"http:\/\/shintokarateryu.fr\/?p=992","title":{"rendered":"Rassemblement National WADO RYU"},"content":{"rendered":"<p>Bonjour \u00e0 tous. Le dimanche 25 septembre 2016 aura lieu le rassemblement national de Wade Ryu.<\/p>\n<p style=\"text-align: center;\"><img decoding=\"async\" loading=\"lazy\" class=\"size-medium wp-image-997 aligncenter\" alt=\"rassemblementwadoryu\" src=\"http:\/\/shintokarateryu.fr\/wp-content\/uploads\/2016\/09\/rassemblementwadoryu-212x300.png\" width=\"212\" height=\"300\" srcset=\"http:\/\/shintokarateryu.fr\/wp-content\/uploads\/2016\/09\/rassemblementwadoryu-212x300.png 212w, http:\/\/shintokarateryu.fr\/wp-content\/uploads\/2016\/09\/rassemblementwadoryu-724x1024.png 724w, http:\/\/shintokarateryu.fr\/wp-content\/uploads\/2016\/09\/rassemblementwadoryu.png 757w\" sizes=\"(max-width: 212px) 100vw, 212px\" \/><\/p>\n<p>Cet \u00e9v\u00e9nement se d\u00e9roulera au\u00a0Gymnase L\u00e9o Lagrange,\u00a068 bd Poniatowski \u2013 75012 PARIS.<\/p>\n<p><!--more--><\/p>\n<p>Th\u00e8mes :<br \/>\n\u2013 Bunkai (bases et sup\u00e9rieurs) et encha\u00eenements sp\u00e9cifiques<br \/>\n\u2013 Applications en combat.<\/p>\n<p>Programme :<br \/>\n\u2013 08h30 \u2013 09h30 : Accueil<br \/>\n\u2013 09h30 \u2013 12h30 : Stage<br \/>\n\u2013 12h30 \u2013 14h00 : Repas<br \/>\n\u2013 14h00 \u2013 16h30 : Stages<\/p>\n<p><a title=\"RassemblementWado\" href=\"http:\/\/shintokarateryu.fr\/wp-content\/uploads\/2016\/09\/BULLETIN_INSCRIPTION_rassemblementwadoryu.pdf\" target=\"_blank\" rel=\"noopener\">Vous trouverez ici le formulaire d&rsquo;inscription<\/a>.<\/p>\n<p><a title=\"Rassemblement Wado Ryu septembre 2016\" href=\"http:\/\/www.ffkarate.fr\/actualites\/rassemblement-parisien-wado-ryu\/\" target=\"_blank\" rel=\"noopener\">Pour plus d&rsquo;information, rendez-vous ici<\/a>.<\/p>\n<p>Bonne journ\u00e9e \u00e0 tous !<\/p>\n","protected":false},"excerpt":{"rendered":"<p>Bonjour \u00e0 tous. Le dimanche 25 septembre 2016 aura lieu le rassemblement national de Wade Ryu. Cet \u00e9v\u00e9nement se d\u00e9roulera au\u00a0Gymnase L\u00e9o Lagrange,\u00a068 bd Poniatowski \u2013 75012 PARIS.<\/p>\n","protected":false},"author":1,"featured_media":0,"comment_status":"closed","ping_status":"closed","sticky":false,"template":"","format":"standard","meta":{"site-sidebar-layout":"default","site-content-layout":"default","ast-global-header-display":"","ast-banner-title-visibility":"","ast-main-header-display":"","ast-hfb-above-header-display":"","ast-hfb-below-header-display":"","ast-hfb-mobile-header-display":"","site-post-title":"","ast-breadcrumbs-content":"","ast-featured-img":"","footer-sml-layout":"","theme-transparent-header-meta":"","adv-header-id-meta":"","stick-header-meta":"","header-above-stick-meta":"","header-main-stick-meta":"","header-below-stick-meta":"","ngg_post_thumbnail":0},"categories":[3,16,7],"tags":[],"_links":{"self":[{"href":"http:\/\/shintokarateryu.fr\/index.php?rest_route=\/wp\/v2\/posts\/992"}],"collection":[{"href":"http:\/\/shintokarateryu.fr\/index.php?rest_route=\/wp\/v2\/posts"}],"about":[{"href":"http:\/\/shintokarateryu.fr\/index.php?rest_route=\/wp\/v2\/types\/post"}],"author":[{"embeddable":true,"href":"http:\/\/shintokarateryu.fr\/index.php?rest_route=\/wp\/v2\/users\/1"}],"replies":[{"embeddable":true,"href":"http:\/\/shintokarateryu.fr\/index.php?rest_route=%2Fwp%2Fv2%2Fcomments&post=992"}],"version-history":[{"count":8,"href":"http:\/\/shintokarateryu.fr\/index.php?rest_route=\/wp\/v2\/posts\/992\/revisions"}],"predecessor-version":[{"id":2240,"href":"http:\/\/shintokarateryu.fr\/index.php?rest_route=\/wp\/v2\/posts\/992\/revisions\/2240"}],"wp:attachment":[{"href":"http:\/\/shintokarateryu.fr\/index.php?rest_route=%2Fwp%2Fv2%2Fmedia&parent=992"}],"wp:term":[{"taxonomy":"category","embeddable":true,"href":"http:\/\/shintokarateryu.fr\/index.php?rest_route=%2Fwp%2Fv2%2Fcategories&post=992"},{"taxonomy":"post_tag","embeddable":true,"href":"http:\/\/shintokarateryu.fr\/index.php?rest_route=%2Fwp%2Fv2%2Ftags&post=992"}],"curies":[{"name":"wp","href":"https:\/\/api.w.org\/{rel}","templated":true}]}}