{"id":591,"date":"2012-12-07T12:14:27","date_gmt":"2012-12-07T12:14:27","guid":{"rendered":"http:\/\/shintokarateryu.fr\/?p=591"},"modified":"2022-07-11T12:24:31","modified_gmt":"2022-07-11T12:24:31","slug":"coupe-ile-de-france-wado-ryu","status":"publish","type":"post","link":"http:\/\/shintokarateryu.fr\/?p=591","title":{"rendered":"Coupe \u00cele de France Wado-Ryu"},"content":{"rendered":"<p>Dimanche 13 janvier 2013 aura lieu la coupe \u00cele de France de Wado Ryu \u00e0 l&rsquo;adresse suivante :<\/p>\n<address>Gymnase Coubertin court n\u00b02<\/address>\n<address>75015 Paris<\/address>\n<p>L&rsquo;entr\u00e9e est gratuite pour le public.<!--more--><\/p>\n<table>\n<tbody>\n<tr>\n<td colspan=\"3\">KATA<\/td>\n<\/tr>\n<tr>\n<td>Contr\u00f4le<\/td>\n<td>Minimes\/Cadets\/Juniors\/S\u00e9niors\/V\u00e9t\u00e9rans &#8211; Masculin\/F\u00e9minin &#8211; Individuel<\/td>\n<td>08h15\u00a0\u2013\u00a008h45<\/td>\n<\/tr>\n<tr>\n<td>D\u00e9but comp\u00e9tition<\/td>\n<td>Kata individuels<\/td>\n<td>09h00<\/td>\n<\/tr>\n<tr>\n<td>Contr\u00f4le<\/td>\n<td>Kata \u00e9quipe (Cadets-Juniors) et (Espoir-S\u00e9niors-V\u00e9t\u00e9rans) Masculin\/F\u00e9minin Possibilit\u00e9 de mixer F\u00e9minin Masculin<\/td>\n<td>08h15\u00a0\u2013\u00a008h45<\/td>\n<\/tr>\n<tr>\n<td>D\u00e9but comp\u00e9tition<\/td>\n<td><\/td>\n<td>A l\u2019issue des katas individuels<\/td>\n<\/tr>\n<tr>\n<td colspan=\"3\">KUMITE<\/td>\n<\/tr>\n<tr>\n<td>Contr\u00f4le<\/td>\n<td>Cadets\/Juniors\/S\u00e9niors &#8211; Masculin\/F\u00e9minin &#8211; Individuel<\/td>\n<td>10h\u00a0\u2013\u00a010h30<\/td>\n<\/tr>\n<tr>\n<td>D\u00e9but comp\u00e9tition<\/td>\n<td>Kumit\u00e9<\/td>\n<td>10h30<\/td>\n<\/tr>\n<tr>\n<td>Contr\u00f4le<\/td>\n<td>Kumit\u00e9 \u00e9quipe (Minimes \u2013 benjamins) Masculin\/F\u00e9minin<br \/>\nPossibilit\u00e9 d\u2019\u00e9quipe mixte F\u00e9minin Masculin<\/td>\n<td>10h45\u00a0\u2013\u00a011h15<\/td>\n<\/tr>\n<tr>\n<td>D\u00e9but comp\u00e9tition<\/td>\n<td><\/td>\n<td>11h30<\/td>\n<\/tr>\n<tr>\n<td colspan=\"3\">Challenge Berger<\/td>\n<\/tr>\n<tr>\n<td>Contr\u00f4le<\/td>\n<td>poussins\/Pupilles\/Benjamins &#8211; Masculin\/F\u00e9minin &#8211; Individuel<\/td>\n<td>12h15\u00a0\u2013\u00a012h45<\/td>\n<\/tr>\n<tr>\n<td>D\u00e9but comp\u00e9tition<\/td>\n<td>Challenge Berger (Kata)<\/td>\n<td>13h00<\/td>\n<\/tr>\n<tr>\n<td>Contr\u00f4lel<\/td>\n<td>Poussins\/Pupilles\/Benjamins &#8211; Masculin\/F\u00e9minin &#8211; Individue<\/td>\n<td>13h00\u00a0\u2013\u00a013h30<\/td>\n<\/tr>\n<tr>\n<td>D\u00e9but comp\u00e9tition<\/td>\n<td>Challenge Berger (kumit\u00e9)<\/td>\n<td>14h<\/td>\n<\/tr>\n<\/tbody>\n<\/table>\n<p><span style=\"font-weight: bold; font-size: 0.8em;\">Aucune organisation ne peut \u00eatre r\u00e9alis\u00e9e avec succ\u00e8s si les horaires ne sont pas respect\u00e9s. En cons\u00e9quence, toute personne arrivant apr\u00e8s les horaires indiqu\u00e9s ne pourra pas participer \u00e0 la comp\u00e9tition.<br \/>\nLe comit\u00e9 d\u2019organisation se r\u00e9serve le droit de modifier les horaires de comp\u00e9tition si besoin et le temps des combats en fonction du nombre d\u2019inscrits<\/span><\/p>\n<p>Seuls les comp\u00e9titeurs en possession des pi\u00e8ces cit\u00e9es, ci-dessous, pourront participer \u00e0 la comp\u00e9tition:<\/p>\n<ul>\n<li>Passeport sportif en r\u00e8gle avec 2 timbres de licence dont celle de la saison sportive en cours.<\/li>\n<li>Certificat m\u00e9dical post\u00e9rieur au 31 ao\u00fbt 2012,<\/li>\n<li>Autorisation parentale pour les mineurs,<\/li>\n<li>Ceintures bleue et rouge,<\/li>\n<li>Protections pieds, poings, dents bleues et rouges obligatoires pour les kumit\u00e9.<\/li>\n<\/ul>\n<p><span style=\"font-size: 0.9em; color: #ff0000;\">Les comp\u00e9titeurs qui ne seront pas \u00e0 jour administrativement seront refus\u00e9s.<br \/>\nAucun changement de cat\u00e9gorie ne sera\u00a0accept\u00e9 sur place.<\/span><\/p>\n<p>Frais d\u2019engagement : 5 Euros par Individuel (si inscription en kata et kumit\u00e9 = 2 inscriptions). Pour le challenge Berger kata et\/ou kumit\u00e9 une seule inscription. 8 euros par \u00e9quipe<\/p>\n<p>Il est important de noter qu&rsquo;aucune inscription ne sera r\u00e9alis\u00e9 sur place.<br \/>\nLes inscriptions (listing et frais d\u2019engagement) sont\u00a0\u00e0 retourner avant le 31 d\u00e9cembre 2012 (ch\u00e8que \u00e0 l\u2019ordre du CFP) par courrier \u00e0 Jean-Michel LARGET (jmlarget@orange.fr) :<\/p>\n<address>Jean-Michel LARGET<br \/>\n43 rue de l\u2019AVRE<br \/>\n92210 Saint-Cloud<\/address>\n","protected":false},"excerpt":{"rendered":"<p>Dimanche 13 janvier 2013 aura lieu la coupe \u00cele de France de Wado Ryu \u00e0 l&rsquo;adresse suivante : Gymnase Coubertin court n\u00b02 75015 Paris L&rsquo;entr\u00e9e est gratuite pour le public.<\/p>\n","protected":false},"author":1,"featured_media":0,"comment_status":"closed","ping_status":"closed","sticky":false,"template":"","format":"standard","meta":{"site-sidebar-layout":"default","site-content-layout":"default","ast-global-header-display":"","ast-banner-title-visibility":"","ast-main-header-display":"","ast-hfb-above-header-display":"","ast-hfb-below-header-display":"","ast-hfb-mobile-header-display":"","site-post-title":"","ast-breadcrumbs-content":"","ast-featured-img":"","footer-sml-layout":"","theme-transparent-header-meta":"","adv-header-id-meta":"","stick-header-meta":"","header-above-stick-meta":"","header-main-stick-meta":"","header-below-stick-meta":"","ngg_post_thumbnail":0},"categories":[3,6],"tags":[],"_links":{"self":[{"href":"http:\/\/shintokarateryu.fr\/index.php?rest_route=\/wp\/v2\/posts\/591"}],"collection":[{"href":"http:\/\/shintokarateryu.fr\/index.php?rest_route=\/wp\/v2\/posts"}],"about":[{"href":"http:\/\/shintokarateryu.fr\/index.php?rest_route=\/wp\/v2\/types\/post"}],"author":[{"embeddable":true,"href":"http:\/\/shintokarateryu.fr\/index.php?rest_route=\/wp\/v2\/users\/1"}],"replies":[{"embeddable":true,"href":"http:\/\/shintokarateryu.fr\/index.php?rest_route=%2Fwp%2Fv2%2Fcomments&post=591"}],"version-history":[{"count":18,"href":"http:\/\/shintokarateryu.fr\/index.php?rest_route=\/wp\/v2\/posts\/591\/revisions"}],"predecessor-version":[{"id":615,"href":"http:\/\/shintokarateryu.fr\/index.php?rest_route=\/wp\/v2\/posts\/591\/revisions\/615"}],"wp:attachment":[{"href":"http:\/\/shintokarateryu.fr\/index.php?rest_route=%2Fwp%2Fv2%2Fmedia&parent=591"}],"wp:term":[{"taxonomy":"category","embeddable":true,"href":"http:\/\/shintokarateryu.fr\/index.php?rest_route=%2Fwp%2Fv2%2Fcategories&post=591"},{"taxonomy":"post_tag","embeddable":true,"href":"http:\/\/shintokarateryu.fr\/index.php?rest_route=%2Fwp%2Fv2%2Ftags&post=591"}],"curies":[{"name":"wp","href":"https:\/\/api.w.org\/{rel}","templated":true}]}}